{"id":295119,"date":"2025-09-09T11:40:29","date_gmt":"2025-09-09T09:40:29","guid":{"rendered":"https:\/\/os-rajic.skole.hr\/?p=295119"},"modified":"2025-11-28T14:44:59","modified_gmt":"2025-11-28T13:44:59","slug":"docek-prvasica","status":"publish","type":"post","link":"https:\/\/os-rajic.skole.hr\/?p=295119","title":{"rendered":"Do\u010dek prva\u0161i\u0107a"},"content":{"rendered":"\n[et_pb_section fb_built=&#8221;1&#8243; _builder_version=&#8221;4.25.0&#8243; _module_preset=&#8221;default&#8221; global_colors_info=&#8221;{}&#8221; theme_builder_area=&#8221;post_content&#8221;][et_pb_row _builder_version=&#8221;4.25.0&#8243; _module_preset=&#8221;default&#8221; global_colors_info=&#8221;{}&#8221; theme_builder_area=&#8221;post_content&#8221;][et_pb_column type=&#8221;4_4&#8243; _builder_version=&#8221;4.25.0&#8243; _module_preset=&#8221;default&#8221; global_colors_info=&#8221;{}&#8221; theme_builder_area=&#8221;post_content&#8221;][et_pb_heading title=&#8221;Do\u010dek prva\u0161i\u0107a&#8221; _builder_version=&#8221;4.25.0&#8243; _module_preset=&#8221;default&#8221; title_text_align=&#8221;center&#8221; global_colors_info=&#8221;{}&#8221; theme_builder_area=&#8221;post_content&#8221;][\/et_pb_heading][et_pb_text _builder_version=&#8221;4.25.0&#8243; _module_preset=&#8221;default&#8221; global_colors_info=&#8221;{}&#8221; theme_builder_area=&#8221;post_content&#8221;]<div class=\"x14z9mp xat24cr x1lziwak x1vvkbs xtlvy1s x126k92a\">\n<div dir=\"auto\" style=\"text-align: justify\">Jo\u0161 jedna generacija prva\u0161i\u0107a danas je zakora\u010dila kroz vrata na\u0161e \u0161kole. Do\u010dekali su ih ravnatelj, pedagog i u\u010diteljica te u\u010denici koji su za njih uprili\u010dili kratku, ali slatku priredbu.<\/div>\n<div dir=\"auto\" style=\"text-align: justify\"><\/div>\n<div dir=\"auto\" style=\"text-align: justify\">Tako\u0111er ih je posjetila i na\u0161a gradona\u010delnica Marija Ku\u0161mi\u0161 te im pru\u017eila podr\u0161ku za po\u010detak \u0161kolske godine i nagradila ih slatkim poklonima.<\/div>\n<div dir=\"auto\" style=\"text-align: justify\"><\/div>\n<div dir=\"auto\" style=\"text-align: justify\">\u017delimo da im ostatak \u0161kolovanja u na\u0161oj \u0161koli pro\u0111e u zdravlju, veselju, lakom u\u010denju, igri i sklapanju novih i trajnih prijateljstava!<\/div>\n<\/div>\n<div class=\"x14z9mp xat24cr x1lziwak x1vvkbs xtlvy1s x126k92a\">\n<div dir=\"auto\" style=\"text-align: justify\"><\/div>\n<div dir=\"auto\" style=\"text-align: justify\">Dobro nam do\u0161li!<\/div>\n<\/div>[\/et_pb_text][et_pb_gallery gallery_ids=&#8221;295128,295131,295134,295137,295140,295143,295146,295149&#8243; show_title_and_caption=&#8221;off&#8221; _builder_version=&#8221;4.25.0&#8243; _module_preset=&#8221;default&#8221; global_colors_info=&#8221;{}&#8221; theme_builder_area=&#8221;post_content&#8221;][\/et_pb_gallery][\/et_pb_column][\/et_pb_row][\/et_pb_section]\n","protected":false},"excerpt":{"rendered":"<p>Jo\u0161 jedna generacija prva\u0161i\u0107a danas je zakora\u010dila kroz vrata na\u0161e \u0161kole. Do\u010dekali su ih ravnatelj, pedagog i u\u010diteljica te u\u010denici koji su za njih uprili\u010dili kratku, ali slatku priredbu. Tako\u0111er ih je posjetila i na\u0161a gradona\u010delnica Marija Ku\u0161mi\u0161 te im pru\u017eila podr\u0161ku za po\u010detak \u0161kolske godine i nagradila ih slatkim poklonima. \u017delimo da im ostatak [&hellip;]<\/p>\n","protected":false},"author":3454,"featured_media":295131,"comment_status":"closed","ping_status":"closed","sticky":false,"template":"","format":"standard","meta":{"_et_pb_use_builder":"on","_et_pb_old_content":"","_et_gb_content_width":"","footnotes":""},"categories":[38],"tags":[],"class_list":["post-295119","post","type-post","status-publish","format-standard","has-post-thumbnail","hentry","category-vijesti"],"_links":{"self":[{"href":"https:\/\/os-rajic.skole.hr\/index.php?rest_route=\/wp\/v2\/posts\/295119","targetHints":{"allow":["GET"]}}],"collection":[{"href":"https:\/\/os-rajic.skole.hr\/index.php?rest_route=\/wp\/v2\/posts"}],"about":[{"href":"https:\/\/os-rajic.skole.hr\/index.php?rest_route=\/wp\/v2\/types\/post"}],"author":[{"embeddable":true,"href":"https:\/\/os-rajic.skole.hr\/index.php?rest_route=\/wp\/v2\/users\/3454"}],"replies":[{"embeddable":true,"href":"https:\/\/os-rajic.skole.hr\/index.php?rest_route=%2Fwp%2Fv2%2Fcomments&post=295119"}],"version-history":[{"count":4,"href":"https:\/\/os-rajic.skole.hr\/index.php?rest_route=\/wp\/v2\/posts\/295119\/revisions"}],"predecessor-version":[{"id":295410,"href":"https:\/\/os-rajic.skole.hr\/index.php?rest_route=\/wp\/v2\/posts\/295119\/revisions\/295410"}],"wp:featuredmedia":[{"embeddable":true,"href":"https:\/\/os-rajic.skole.hr\/index.php?rest_route=\/wp\/v2\/media\/295131"}],"wp:attachment":[{"href":"https:\/\/os-rajic.skole.hr\/index.php?rest_route=%2Fwp%2Fv2%2Fmedia&parent=295119"}],"wp:term":[{"taxonomy":"category","embeddable":true,"href":"https:\/\/os-rajic.skole.hr\/index.php?rest_route=%2Fwp%2Fv2%2Fcategories&post=295119"},{"taxonomy":"post_tag","embeddable":true,"href":"https:\/\/os-rajic.skole.hr\/index.php?rest_route=%2Fwp%2Fv2%2Ftags&post=295119"}],"curies":[{"name":"wp","href":"https:\/\/api.w.org\/{rel}","templated":true}]}}