{"id":297864,"date":"2026-04-28T09:15:27","date_gmt":"2026-04-28T07:15:27","guid":{"rendered":"https:\/\/os-rajic.skole.hr\/?p=297864"},"modified":"2026-04-28T09:15:27","modified_gmt":"2026-04-28T07:15:27","slug":"dan-planeta-zemlje-2","status":"publish","type":"post","link":"https:\/\/os-rajic.skole.hr\/?p=297864","title":{"rendered":"Dan planeta Zemlje"},"content":{"rendered":"<p>[et_pb_section fb_built=&#8221;1&#8243; theme_builder_area=&#8221;post_content&#8221; _builder_version=&#8221;4.27.6&#8243; _module_preset=&#8221;default&#8221;][et_pb_row _builder_version=&#8221;4.27.6&#8243; _module_preset=&#8221;default&#8221; theme_builder_area=&#8221;post_content&#8221;][et_pb_column _builder_version=&#8221;4.27.6&#8243; _module_preset=&#8221;default&#8221; type=&#8221;4_4&#8243; theme_builder_area=&#8221;post_content&#8221;][et_pb_text _builder_version=&#8221;4.27.6&#8243; _module_preset=&#8221;default&#8221; theme_builder_area=&#8221;post_content&#8221; hover_enabled=&#8221;0&#8243; sticky_enabled=&#8221;0&#8243;]<\/p>\n<p><span>MALE RUKE, VELIKA SRCA<\/span><\/p>\n<div class=\"x14z9mp xat24cr x1lziwak x1vvkbs xtlvy1s x126k92a\">\n<div dir=\"auto\" style=\"text-align: justify\">U\u010denici i u\u010diteljice razredne nastave obilje\u017eili su Dan planeta Zemlje i proveli brojne aktivnosti.<\/div>\n<\/div>\n<div class=\"x14z9mp xat24cr x1lziwak x1vvkbs xtlvy1s x126k92a\" style=\"text-align: justify\">\n<div dir=\"auto\">U\u010denici 1. razreda u\u017eivali su u kreativnim radionicama i aktivnostima.<\/div>\n<div dir=\"auto\">U\u010denici 2. razreda zaronili su u svijet prirode kroz pri\u010du i rad.\u00a0<\/div>\n<div dir=\"auto\">\u200b\u010citaju\u0107i dirljivu pri\u010du \u201ePismo iz Zelengrada\u201c, nau\u010dili su va\u017enu lekciju o o\u010duvanju na\u0161ih \u0161uma i potoka. Tu eko-poruku odmah su proveli u djelo:<\/div>\n<div dir=\"auto\"><span class=\"html-span xexx8yu xyri2b x18d9i69 x1c1uobl x1hl2dhg x16tdsg8 x1vvkbs x3nfvp2 x1j61x8r x1fcty0u xdj266r xat24cr xm2jcoa x1mpyi22 xxymvpz xlup9mm x1kky2od\"><\/span><\/div>\n<div dir=\"auto\">Likovno su izrazili svoju ljubav prema prirodi.<\/div>\n<div dir=\"auto\"><span class=\"html-span xexx8yu xyri2b x18d9i69 x1c1uobl x1hl2dhg x16tdsg8 x1vvkbs x3nfvp2 x1j61x8r x1fcty0u xdj266r xat24cr xm2jcoa x1mpyi22 xxymvpz xlup9mm x1kky2od\"><\/span><\/div>\n<div dir=\"auto\">\u0160kolsko dvori\u0161te ukrasili su novim cvije\u0107em koje su sami zasadili.<\/div>\n<\/div>\n<div class=\"x14z9mp xat24cr x1lziwak x1vvkbs xtlvy1s x126k92a\" style=\"text-align: justify\">\n<div dir=\"auto\">U\u010denici 3. I 4. razreda o\u010distili su okoli\u0161 \u0161kole i ukrasili svoje u\u010dionice likovnim radovima.<\/div>\n<\/div>\n<div class=\"x14z9mp xat24cr x1lziwak x1vvkbs xtlvy1s x126k92a\">\n<div dir=\"auto\" style=\"text-align: justify\">\u200bZajedno smo odlu\u010dili \u2013 svaki dan je prilika da \u010duvamo na\u0161 dom!<\/div>\n<\/div>\n<p>[\/et_pb_text][\/et_pb_column][\/et_pb_row][et_pb_row _builder_version=&#8221;4.27.6&#8243; _module_preset=&#8221;default&#8221; theme_builder_area=&#8221;post_content&#8221;][et_pb_column _builder_version=&#8221;4.27.6&#8243; _module_preset=&#8221;default&#8221; type=&#8221;4_4&#8243; theme_builder_area=&#8221;post_content&#8221;][et_pb_gallery _builder_version=&#8221;4.27.6&#8243; _module_preset=&#8221;default&#8221; theme_builder_area=&#8221;post_content&#8221; gallery_ids=&#8221;297909,297912,297906,297903,297900,297897,297894,297891,297888,297885,297882,297879,297876,297873,297870,297867&#8243; show_title_and_caption=&#8221;off&#8221; hover_enabled=&#8221;0&#8243; sticky_enabled=&#8221;0&#8243;][\/et_pb_gallery][\/et_pb_column][\/et_pb_row][\/et_pb_section]<\/p>\n","protected":false},"excerpt":{"rendered":"<p>MALE RUKE, VELIKA SRCA U\u010denici i u\u010diteljice razredne nastave obilje\u017eili su Dan planeta Zemlje i proveli brojne aktivnosti. U\u010denici 1. razreda u\u017eivali su u kreativnim radionicama i aktivnostima. U\u010denici 2. razreda zaronili su u svijet prirode kroz pri\u010du i rad.\u00a0 \u200b\u010citaju\u0107i dirljivu pri\u010du \u201ePismo iz Zelengrada\u201c, nau\u010dili su va\u017enu lekciju o o\u010duvanju na\u0161ih \u0161uma i [&hellip;]<\/p>\n","protected":false},"author":3454,"featured_media":297909,"comment_status":"closed","ping_status":"closed","sticky":false,"template":"","format":"standard","meta":{"_et_pb_use_builder":"on","_et_pb_old_content":"","_et_gb_content_width":"","footnotes":""},"categories":[38],"tags":[],"class_list":["post-297864","post","type-post","status-publish","format-standard","has-post-thumbnail","hentry","category-vijesti"],"_links":{"self":[{"href":"https:\/\/os-rajic.skole.hr\/index.php?rest_route=\/wp\/v2\/posts\/297864","targetHints":{"allow":["GET"]}}],"collection":[{"href":"https:\/\/os-rajic.skole.hr\/index.php?rest_route=\/wp\/v2\/posts"}],"about":[{"href":"https:\/\/os-rajic.skole.hr\/index.php?rest_route=\/wp\/v2\/types\/post"}],"author":[{"embeddable":true,"href":"https:\/\/os-rajic.skole.hr\/index.php?rest_route=\/wp\/v2\/users\/3454"}],"replies":[{"embeddable":true,"href":"https:\/\/os-rajic.skole.hr\/index.php?rest_route=%2Fwp%2Fv2%2Fcomments&post=297864"}],"version-history":[{"count":2,"href":"https:\/\/os-rajic.skole.hr\/index.php?rest_route=\/wp\/v2\/posts\/297864\/revisions"}],"predecessor-version":[{"id":297921,"href":"https:\/\/os-rajic.skole.hr\/index.php?rest_route=\/wp\/v2\/posts\/297864\/revisions\/297921"}],"wp:featuredmedia":[{"embeddable":true,"href":"https:\/\/os-rajic.skole.hr\/index.php?rest_route=\/wp\/v2\/media\/297909"}],"wp:attachment":[{"href":"https:\/\/os-rajic.skole.hr\/index.php?rest_route=%2Fwp%2Fv2%2Fmedia&parent=297864"}],"wp:term":[{"taxonomy":"category","embeddable":true,"href":"https:\/\/os-rajic.skole.hr\/index.php?rest_route=%2Fwp%2Fv2%2Fcategories&post=297864"},{"taxonomy":"post_tag","embeddable":true,"href":"https:\/\/os-rajic.skole.hr\/index.php?rest_route=%2Fwp%2Fv2%2Ftags&post=297864"}],"curies":[{"name":"wp","href":"https:\/\/api.w.org\/{rel}","templated":true}]}}